{"id":311,"date":"2017-08-24T11:36:24","date_gmt":"2017-08-24T09:36:24","guid":{"rendered":"http:\/\/patatemontefaldo.it\/deco\/?p=311"},"modified":"2017-08-24T11:43:27","modified_gmt":"2017-08-24T09:43:27","slug":"la-raccolta-delle-patate","status":"publish","type":"post","link":"https:\/\/patatemontefaldo.it\/deco\/la-raccolta-delle-patate\/","title":{"rendered":"La raccolta delle patate"},"content":{"rendered":"<p><a href=\"http:\/\/patatemontefaldo.it\/deco\/wp-content\/uploads\/2017\/07\/az_agricola_la_primula_patatemontefaldo_4-08.jpg\"><img fetchpriority=\"high\" decoding=\"async\" class=\"alignleft wp-image-309\" src=\"http:\/\/patatemontefaldo.it\/deco\/wp-content\/uploads\/2017\/07\/az_agricola_la_primula_patatemontefaldo_4-08-300x235.jpg\" alt=\"\" width=\"400\" height=\"313\" srcset=\"https:\/\/patatemontefaldo.it\/deco\/wp-content\/uploads\/2017\/07\/az_agricola_la_primula_patatemontefaldo_4-08-300x235.jpg 300w, https:\/\/patatemontefaldo.it\/deco\/wp-content\/uploads\/2017\/07\/az_agricola_la_primula_patatemontefaldo_4-08-768x601.jpg 768w, https:\/\/patatemontefaldo.it\/deco\/wp-content\/uploads\/2017\/07\/az_agricola_la_primula_patatemontefaldo_4-08-256x200.jpg 256w, https:\/\/patatemontefaldo.it\/deco\/wp-content\/uploads\/2017\/07\/az_agricola_la_primula_patatemontefaldo_4-08.jpg 1000w\" sizes=\"(max-width: 400px) 100vw, 400px\" \/><\/a>Questo fine settimana scorso, \u00e8 stato uno dei temporali estivi tra i pi\u00f9 violenti di quest&#8217;anno nella nostra vallata dell&#8217;Agno e del Chiampo, ma non ha preoccupato minimamente i nostri coltivatori di patate di Nogarole Vicentino (<a href=\"http:\/\/patatemontefaldo.it\/deco\/la-primula-societa-agricola\/\" target=\"_blank\" rel=\"noopener\">ph. Az. Agricola La Primula<\/a>), che pazientemente aspettano il meno peggio dopo la raccolta. A Selva di Trissino, come in altri Comuni della Patata Monte Faldo De.Co., \u00e8 gi\u00e0 iniziata da qualche giorno la raccolta in campo e qualcuno dei nostri coltivatori la effettua addirittura di notte, questo per evitare la calura diurna e sperare in un po di brezza notturna. La previsione di questo anno \u00e8 un -30% della produzione dell&#8217;anno precedente, a causa della siccit\u00e0 avuta nei mesi di sviluppo e maturazione. Le patate raccolte sono belle e di <strong>ottima qualit\u00e0<\/strong>, speriamo in un anno migliore per tutte le aziende che coltivano con passione e tanti sacrifici questo versatile prodotto della nostra terra.<\/p>\n","protected":false},"excerpt":{"rendered":"<p>Questo fine settimana scorso, \u00e8 stato uno dei temporali estivi tra i pi\u00f9 violenti di quest&#8217;anno nella nostra vallata dell&#8217;Agno e del Chiampo, ma non ha preoccupato minimamente i nostri coltivatori di patate di Nogarole Vicentino (ph. Az. Agricola La Primula), che pazientemente aspettano il meno peggio dopo la raccolta&#8230;.<\/p>\n","protected":false},"author":1,"featured_media":309,"comment_status":"closed","ping_status":"open","sticky":false,"template":"","format":"standard","meta":{"footnotes":""},"categories":[9],"tags":[26,27],"class_list":["post-311","post","type-post","status-publish","format-standard","has-post-thumbnail","hentry","category-news-locali","tag-patata-monte-faldo","tag-raccolta-patate"],"post_mailing_queue_ids":[],"_links":{"self":[{"href":"https:\/\/patatemontefaldo.it\/deco\/wp-json\/wp\/v2\/posts\/311","targetHints":{"allow":["GET"]}}],"collection":[{"href":"https:\/\/patatemontefaldo.it\/deco\/wp-json\/wp\/v2\/posts"}],"about":[{"href":"https:\/\/patatemontefaldo.it\/deco\/wp-json\/wp\/v2\/types\/post"}],"author":[{"embeddable":true,"href":"https:\/\/patatemontefaldo.it\/deco\/wp-json\/wp\/v2\/users\/1"}],"replies":[{"embeddable":true,"href":"https:\/\/patatemontefaldo.it\/deco\/wp-json\/wp\/v2\/comments?post=311"}],"version-history":[{"count":0,"href":"https:\/\/patatemontefaldo.it\/deco\/wp-json\/wp\/v2\/posts\/311\/revisions"}],"wp:featuredmedia":[{"embeddable":true,"href":"https:\/\/patatemontefaldo.it\/deco\/wp-json\/wp\/v2\/media\/309"}],"wp:attachment":[{"href":"https:\/\/patatemontefaldo.it\/deco\/wp-json\/wp\/v2\/media?parent=311"}],"wp:term":[{"taxonomy":"category","embeddable":true,"href":"https:\/\/patatemontefaldo.it\/deco\/wp-json\/wp\/v2\/categories?post=311"},{"taxonomy":"post_tag","embeddable":true,"href":"https:\/\/patatemontefaldo.it\/deco\/wp-json\/wp\/v2\/tags?post=311"}],"curies":[{"name":"wp","href":"https:\/\/api.w.org\/{rel}","templated":true}]}}